{"id":236,"date":"2014-11-16T22:15:39","date_gmt":"2014-11-16T22:15:39","guid":{"rendered":"http:\/\/lumaarchitekci.pl\/?p=236"},"modified":"2021-10-21T08:45:02","modified_gmt":"2021-10-21T08:45:02","slug":"tamka","status":"publish","type":"post","link":"http:\/\/lumaarchitekci.pl\/?p=236","title":{"rendered":"Tamka"},"content":{"rendered":"<p><code>\t\t\t\t\t\t<div class=\"gallery_box_single\">\n\t\t\t\t\t\t\t<a href=\"https:\/\/i0.wp.com\/lumaarchitekci.pl\/wp-content\/uploads\/2014\/11\/Tamka41.jpg\"><img data-recalc-dims=\"1\" fetchpriority=\"high\" decoding=\"async\" class=\"aligncenter size-full wp-image-244\" src=\"https:\/\/i0.wp.com\/lumaarchitekci.pl\/wp-content\/uploads\/2014\/11\/Tamka41.jpg?resize=620%2C359\" alt=\"Tamka4\" width=\"620\" height=\"359\" srcset=\"https:\/\/i0.wp.com\/lumaarchitekci.pl\/wp-content\/uploads\/2014\/11\/Tamka41.jpg?w=1280 1280w, https:\/\/i0.wp.com\/lumaarchitekci.pl\/wp-content\/uploads\/2014\/11\/Tamka41.jpg?resize=300%2C173 300w, https:\/\/i0.wp.com\/lumaarchitekci.pl\/wp-content\/uploads\/2014\/11\/Tamka41.jpg?resize=1024%2C593 1024w, https:\/\/i0.wp.com\/lumaarchitekci.pl\/wp-content\/uploads\/2014\/11\/Tamka41.jpg?resize=973%2C564 973w, https:\/\/i0.wp.com\/lumaarchitekci.pl\/wp-content\/uploads\/2014\/11\/Tamka41.jpg?resize=508%2C294 508w\" sizes=\"(max-width: 620px) 100vw, 620px\" \/><\/a> <a href=\"https:\/\/i0.wp.com\/lumaarchitekci.pl\/wp-content\/uploads\/2014\/11\/Tamka31.jpg\"><img data-recalc-dims=\"1\" decoding=\"async\" class=\"aligncenter size-full wp-image-243\" src=\"https:\/\/i0.wp.com\/lumaarchitekci.pl\/wp-content\/uploads\/2014\/11\/Tamka31.jpg?resize=620%2C406\" alt=\"Tamka3\" width=\"620\" height=\"406\" srcset=\"https:\/\/i0.wp.com\/lumaarchitekci.pl\/wp-content\/uploads\/2014\/11\/Tamka31.jpg?w=1280 1280w, https:\/\/i0.wp.com\/lumaarchitekci.pl\/wp-content\/uploads\/2014\/11\/Tamka31.jpg?resize=300%2C196 300w, https:\/\/i0.wp.com\/lumaarchitekci.pl\/wp-content\/uploads\/2014\/11\/Tamka31.jpg?resize=1024%2C670 1024w, https:\/\/i0.wp.com\/lumaarchitekci.pl\/wp-content\/uploads\/2014\/11\/Tamka31.jpg?resize=973%2C637 973w, https:\/\/i0.wp.com\/lumaarchitekci.pl\/wp-content\/uploads\/2014\/11\/Tamka31.jpg?resize=508%2C332 508w, https:\/\/i0.wp.com\/lumaarchitekci.pl\/wp-content\/uploads\/2014\/11\/Tamka31.jpg?resize=120%2C80 120w\" sizes=\"(max-width: 620px) 100vw, 620px\" \/><\/a> <a href=\"https:\/\/i0.wp.com\/lumaarchitekci.pl\/wp-content\/uploads\/2014\/11\/Tamka21.jpg\"><img data-recalc-dims=\"1\" decoding=\"async\" class=\"aligncenter size-full wp-image-242\" src=\"https:\/\/i0.wp.com\/lumaarchitekci.pl\/wp-content\/uploads\/2014\/11\/Tamka21.jpg?resize=620%2C373\" alt=\"Tamka2\" width=\"620\" height=\"373\" srcset=\"https:\/\/i0.wp.com\/lumaarchitekci.pl\/wp-content\/uploads\/2014\/11\/Tamka21.jpg?w=1280 1280w, https:\/\/i0.wp.com\/lumaarchitekci.pl\/wp-content\/uploads\/2014\/11\/Tamka21.jpg?resize=300%2C180 300w, https:\/\/i0.wp.com\/lumaarchitekci.pl\/wp-content\/uploads\/2014\/11\/Tamka21.jpg?resize=1024%2C616 1024w, https:\/\/i0.wp.com\/lumaarchitekci.pl\/wp-content\/uploads\/2014\/11\/Tamka21.jpg?resize=973%2C585 973w, https:\/\/i0.wp.com\/lumaarchitekci.pl\/wp-content\/uploads\/2014\/11\/Tamka21.jpg?resize=508%2C305 508w\" sizes=\"(max-width: 620px) 100vw, 620px\" \/><\/a> <a href=\"https:\/\/i0.wp.com\/lumaarchitekci.pl\/wp-content\/uploads\/2014\/11\/Tamka11.jpg\"><img data-recalc-dims=\"1\" loading=\"lazy\" decoding=\"async\" class=\"aligncenter size-full wp-image-241\" src=\"https:\/\/i0.wp.com\/lumaarchitekci.pl\/wp-content\/uploads\/2014\/11\/Tamka11.jpg?resize=620%2C374\" alt=\"Tamka1\" width=\"620\" height=\"374\" srcset=\"https:\/\/i0.wp.com\/lumaarchitekci.pl\/wp-content\/uploads\/2014\/11\/Tamka11.jpg?w=1280 1280w, https:\/\/i0.wp.com\/lumaarchitekci.pl\/wp-content\/uploads\/2014\/11\/Tamka11.jpg?resize=300%2C180 300w, https:\/\/i0.wp.com\/lumaarchitekci.pl\/wp-content\/uploads\/2014\/11\/Tamka11.jpg?resize=1024%2C617 1024w, https:\/\/i0.wp.com\/lumaarchitekci.pl\/wp-content\/uploads\/2014\/11\/Tamka11.jpg?resize=973%2C586 973w, https:\/\/i0.wp.com\/lumaarchitekci.pl\/wp-content\/uploads\/2014\/11\/Tamka11.jpg?resize=508%2C306 508w\" sizes=\"(max-width: 620px) 100vw, 620px\" \/><\/a>\t\t\t\t\t\t<\/div><!-- .gallery_box_single -->\n\t\t\t\t\t\t<div class=\"gllr_clear\"><\/div>\n\t\t\t\t\t\t<\/code><\/p>\n<p>Budynek apartamentowy na warszawskim Powi\u015blu<\/p>\n<p><!--more--><\/p>\n<p>Projekt zrealizowany w ramach pracowni APA Markowski Architekci p\u00f3\u017aniej SWECO Architekci.<\/p>\n<p>Budynek w\u0142a\u015bnie dosta\u0142 pozwolenie na u\u017cytkowanie.<\/p>\n<p>Wprowadzaj\u0105 si\u0119 pierwsi lokatorzy.<\/p>\n","protected":false},"excerpt":{"rendered":"<p>Budynek apartamentowy na warszawskim Powi\u015blu<\/p>\n","protected":false},"author":1,"featured_media":244,"comment_status":"closed","ping_status":"closed","sticky":false,"template":"","format":"standard","meta":{"jetpack_post_was_ever_published":false,"_jetpack_newsletter_access":"","_jetpack_dont_email_post_to_subs":false,"_jetpack_newsletter_tier_id":0,"_jetpack_memberships_contains_paywalled_content":false,"_jetpack_memberships_contains_paid_content":false,"footnotes":"","jetpack_publicize_message":"","jetpack_publicize_feature_enabled":true,"jetpack_social_post_already_shared":false,"jetpack_social_options":{"image_generator_settings":{"template":"highway","default_image_id":0,"font":"","enabled":false},"version":2}},"categories":[1],"tags":[],"class_list":["post-236","post","type-post","status-publish","format-standard","has-post-thumbnail","hentry","category-uncategorized"],"jetpack_publicize_connections":[],"jetpack_featured_media_url":"https:\/\/i0.wp.com\/lumaarchitekci.pl\/wp-content\/uploads\/2014\/11\/Tamka41.jpg?fit=1280%2C742","jetpack_sharing_enabled":true,"jetpack_shortlink":"https:\/\/wp.me\/s738Pd-tamka","jetpack-related-posts":[],"_links":{"self":[{"href":"http:\/\/lumaarchitekci.pl\/index.php?rest_route=\/wp\/v2\/posts\/236","targetHints":{"allow":["GET"]}}],"collection":[{"href":"http:\/\/lumaarchitekci.pl\/index.php?rest_route=\/wp\/v2\/posts"}],"about":[{"href":"http:\/\/lumaarchitekci.pl\/index.php?rest_route=\/wp\/v2\/types\/post"}],"author":[{"embeddable":true,"href":"http:\/\/lumaarchitekci.pl\/index.php?rest_route=\/wp\/v2\/users\/1"}],"replies":[{"embeddable":true,"href":"http:\/\/lumaarchitekci.pl\/index.php?rest_route=%2Fwp%2Fv2%2Fcomments&post=236"}],"version-history":[{"count":2,"href":"http:\/\/lumaarchitekci.pl\/index.php?rest_route=\/wp\/v2\/posts\/236\/revisions"}],"predecessor-version":[{"id":354,"href":"http:\/\/lumaarchitekci.pl\/index.php?rest_route=\/wp\/v2\/posts\/236\/revisions\/354"}],"wp:featuredmedia":[{"embeddable":true,"href":"http:\/\/lumaarchitekci.pl\/index.php?rest_route=\/wp\/v2\/media\/244"}],"wp:attachment":[{"href":"http:\/\/lumaarchitekci.pl\/index.php?rest_route=%2Fwp%2Fv2%2Fmedia&parent=236"}],"wp:term":[{"taxonomy":"category","embeddable":true,"href":"http:\/\/lumaarchitekci.pl\/index.php?rest_route=%2Fwp%2Fv2%2Fcategories&post=236"},{"taxonomy":"post_tag","embeddable":true,"href":"http:\/\/lumaarchitekci.pl\/index.php?rest_route=%2Fwp%2Fv2%2Ftags&post=236"}],"curies":[{"name":"wp","href":"https:\/\/api.w.org\/{rel}","templated":true}]}}